{"id":90,"date":"2019-12-28T21:39:10","date_gmt":"2019-12-28T21:39:10","guid":{"rendered":"https:\/\/www.iosoc.es\/?p=90"},"modified":"2020-08-19T13:13:25","modified_gmt":"2020-08-19T13:13:25","slug":"equipo","status":"publish","type":"post","link":"https:\/\/www.iosoc.es\/index.php\/2019\/12\/28\/equipo\/","title":{"rendered":"Qui\u00e9nes somos"},"content":{"rendered":"\n<p>El centro Ios\u00f3c, fundado y dirigido por <strong>Si\u00f3 Santaul\u00e0ria Muix\u00ed<\/strong>, tiene como objetivo ayudar a las personas a crecer en auotestima, amor propio y auto liderazgo. Con psicolog\u00eda, mindfulness, yoga y terapia de sonido, Si\u00f3 integra todas sus herramientas para proporcionar experiencias al servicio del bienestar de cada persona. <\/p>\n\n\n\n<div class=\"wp-block-group has-background\" style=\"background-color:#fbf1e2\"><div class=\"wp-block-group__inner-container is-layout-flow wp-block-group-is-layout-flow\">\n<h2 class=\"wp-block-heading\">Si\u00f3 Santaul\u00e0ria<\/h2>\n\n\n\n<p> Psic\u00f3loga colegiada y profesora de yoga. <\/p>\n\n\n\n<p><strong>Directora del centro Ios\u00f3c<\/strong><\/p>\n\n\n\n<div class=\"wp-block-image is-style-default\"><figure class=\"aligncenter size-large\"><img loading=\"lazy\" decoding=\"async\" width=\"600\" height=\"900\" src=\"https:\/\/www.iosoc.es\/wp-content\/uploads\/2020\/01\/sio_medita_wp.jpg\" alt=\"Si\u00f3 Santaul\u00e0ria, directora del centro de yoga Iosoc en Tarragona\" class=\"wp-image-357\" srcset=\"https:\/\/www.iosoc.es\/wp-content\/uploads\/2020\/01\/sio_medita_wp.jpg 600w, https:\/\/www.iosoc.es\/wp-content\/uploads\/2020\/01\/sio_medita_wp-200x300.jpg 200w\" sizes=\"(max-width: 600px) 100vw, 600px\" \/><\/figure><\/div>\n\n\n\n<p>Clases de <a href=\"https:\/\/www.iosoc.es\/index.php\/2019\/12\/29\/kundalini-yoga\/\">Kundalini Yoga<\/a>, <a href=\"https:\/\/www.iosoc.es\/index.php\/2019\/12\/29\/yoga-en-silla-clases-en-tarragona\/\">yoga en silla<\/a>, <a href=\"https:\/\/www.iosoc.es\/index.php\/2019\/12\/30\/yoga-para-embarazadas\/\">yoga para embarazadas<\/a>, <a href=\"https:\/\/www.iosoc.es\/index.php\/2020\/01\/02\/yoga-postnatal-con-bebes\/\">yoga postnatal<\/a>, <a href=\"https:\/\/www.iosoc.es\/index.php\/2020\/01\/02\/bano-de-gong-y-meditacion-terapeutica\/\">meditaci\u00f3n terap\u00e9utica, terapia de sonido<\/a>, <a href=\"https:\/\/www.iosoc.es\/index.php\/2020\/01\/05\/psicologia-y-yoga-en-familia\/\">yoga en fam\u00edlia<\/a>, sesiones privadas de <a href=\"https:\/\/www.iosoc.es\/index.php\/2020\/01\/01\/psicologia-y-yoga\/\">psicolog\u00eda y yoga<\/a>. <\/p>\n\n\n\n<div class=\"wp-block-button aligncenter\"><a class=\"wp-block-button__link has-background has-pale-pink-background-color\" href=\"https:\/\/www.iosoc.es\/index.php\/sio-santaularia-directora-del-centro-iosoc-en-tarragona\/\">Leer m\u00e1s<\/a><\/div>\n\n\n\n<div style=\"height:20px\" aria-hidden=\"true\" class=\"wp-block-spacer\"><\/div>\n<\/div><\/div>\n\n\n\n<div class=\"wp-block-columns is-layout-flex wp-container-core-columns-layout-1 wp-block-columns-is-layout-flex\">\n<div class=\"wp-block-column is-layout-flow wp-block-column-is-layout-flow\"><\/div>\n\n\n\n<div class=\"wp-block-column is-layout-flow wp-block-column-is-layout-flow\"><\/div>\n<\/div>\n\n\n\n<div style=\"height:20px\" aria-hidden=\"true\" class=\"wp-block-spacer\"><\/div>\n\n\n\n<div style=\"height:50px\" aria-hidden=\"true\" class=\"wp-block-spacer\"><\/div>\n","protected":false},"excerpt":{"rendered":"<p>Profesores y colaboradores del centro Ios\u00f3c para el bienestar personal, laboral y social en Tarragona. Si\u00f3 Santaul\u00e0ria psic\u00f3loga cl\u00ednica y profesora de Yoga.<\/p>\n","protected":false},"author":1,"featured_media":354,"comment_status":"closed","ping_status":"closed","sticky":false,"template":"","format":"standard","meta":{"footnotes":""},"categories":[33],"tags":[9,18,22,8,5,11,13,7,31],"yoast_head":"<!-- This site is optimized with the Yoast SEO plugin v15.2.1 - https:\/\/yoast.com\/wordpress\/plugins\/seo\/ -->\n<title>Qui\u00e9nes somos &ndash; Centro de salud emocional IOSOC<\/title>\n<meta name=\"description\" content=\"Si\u00f3 Santaul\u00e0ria, psic\u00f3loga y profesora de yoga, lidera en Tarragona un equipo de profesionales de terapias integrativas para el bienestar de las personas.\" \/>\n<meta name=\"robots\" content=\"index, follow, max-snippet:-1, max-image-preview:large, max-video-preview:-1\" \/>\n<link rel=\"canonical\" href=\"https:\/\/www.iosoc.es\/index.php\/2019\/12\/28\/equipo\/\" \/>\n<meta property=\"og:locale\" content=\"es_ES\" \/>\n<meta property=\"og:type\" content=\"article\" \/>\n<meta property=\"og:title\" content=\"Qui\u00e9nes somos &ndash; Centro de salud emocional IOSOC\" \/>\n<meta property=\"og:description\" content=\"Si\u00f3 Santaul\u00e0ria, psic\u00f3loga y profesora de yoga, lidera en Tarragona un equipo de profesionales de terapias integrativas para el bienestar de las personas.\" \/>\n<meta property=\"og:url\" content=\"https:\/\/www.iosoc.es\/index.php\/2019\/12\/28\/equipo\/\" \/>\n<meta property=\"og:site_name\" content=\"Centro de salud emocional IOSOC\" \/>\n<meta property=\"article:publisher\" content=\"https:\/\/www.facebook.com\/iogaiosoc\/\" \/>\n<meta property=\"article:published_time\" content=\"2019-12-28T21:39:10+00:00\" \/>\n<meta property=\"article:modified_time\" content=\"2020-08-19T13:13:25+00:00\" \/>\n<meta property=\"og:image\" content=\"https:\/\/www.iosoc.es\/wp-content\/uploads\/2019\/12\/913A4BC4-E53D-415F-8824-4D4B4BDBCFBE-scaled-e1579420997996.jpeg\" \/>\n\t<meta property=\"og:image:width\" content=\"1500\" \/>\n\t<meta property=\"og:image:height\" content=\"1000\" \/>\n<meta name=\"twitter:card\" content=\"summary_large_image\" \/>\n<meta name=\"twitter:label1\" content=\"Escrito por\">\n\t<meta name=\"twitter:data1\" content=\"Laura Pavon\">\n\t<meta name=\"twitter:label2\" content=\"Tiempo de lectura\">\n\t<meta name=\"twitter:data2\" content=\"0 minutos\">\n<script type=\"application\/ld+json\" class=\"yoast-schema-graph\">{\"@context\":\"https:\/\/schema.org\",\"@graph\":[{\"@type\":\"Organization\",\"@id\":\"https:\/\/www.iosoc.es\/#organization\",\"name\":\"Ios\\u00f3c\",\"url\":\"https:\/\/www.iosoc.es\/\",\"sameAs\":[\"https:\/\/www.facebook.com\/iogaiosoc\/\",\"https:\/\/www.instagram.com\/iogaiosoc\/\"],\"logo\":{\"@type\":\"ImageObject\",\"@id\":\"https:\/\/www.iosoc.es\/#logo\",\"inLanguage\":\"es\",\"url\":\"https:\/\/www.iosoc.es\/wp-content\/uploads\/2019\/12\/iosoc-transparent.png\",\"width\":709,\"height\":301,\"caption\":\"Ios\\u00f3c\"},\"image\":{\"@id\":\"https:\/\/www.iosoc.es\/#logo\"}},{\"@type\":\"WebSite\",\"@id\":\"https:\/\/www.iosoc.es\/#website\",\"url\":\"https:\/\/www.iosoc.es\/\",\"name\":\"IOS\\u00d3C: Psicolog\\u00eda y Kundalini Yoga\",\"description\":\"Psicolog&iacute;a, yoga y mindfullness en Tarragona\",\"publisher\":{\"@id\":\"https:\/\/www.iosoc.es\/#organization\"},\"potentialAction\":[{\"@type\":\"SearchAction\",\"target\":\"https:\/\/www.iosoc.es\/?s={search_term_string}\",\"query-input\":\"required name=search_term_string\"}],\"inLanguage\":\"es\"},{\"@type\":\"ImageObject\",\"@id\":\"https:\/\/www.iosoc.es\/index.php\/2019\/12\/28\/equipo\/#primaryimage\",\"inLanguage\":\"es\",\"url\":\"https:\/\/www.iosoc.es\/wp-content\/uploads\/2019\/12\/913A4BC4-E53D-415F-8824-4D4B4BDBCFBE-scaled-e1579420997996.jpeg\",\"width\":1500,\"height\":1000,\"caption\":\"Quienes somos centro yoga Iosoc Tarragona guru pranam\"},{\"@type\":\"WebPage\",\"@id\":\"https:\/\/www.iosoc.es\/index.php\/2019\/12\/28\/equipo\/#webpage\",\"url\":\"https:\/\/www.iosoc.es\/index.php\/2019\/12\/28\/equipo\/\",\"name\":\"Qui\\u00e9nes somos &ndash; Centro de salud emocional IOSOC\",\"isPartOf\":{\"@id\":\"https:\/\/www.iosoc.es\/#website\"},\"primaryImageOfPage\":{\"@id\":\"https:\/\/www.iosoc.es\/index.php\/2019\/12\/28\/equipo\/#primaryimage\"},\"datePublished\":\"2019-12-28T21:39:10+00:00\",\"dateModified\":\"2020-08-19T13:13:25+00:00\",\"description\":\"Si\\u00f3 Santaul\\u00e0ria, psic\\u00f3loga y profesora de yoga, lidera en Tarragona un equipo de profesionales de terapias integrativas para el bienestar de las personas.\",\"inLanguage\":\"es\",\"potentialAction\":[{\"@type\":\"ReadAction\",\"target\":[\"https:\/\/www.iosoc.es\/index.php\/2019\/12\/28\/equipo\/\"]}]},{\"@type\":\"Article\",\"@id\":\"https:\/\/www.iosoc.es\/index.php\/2019\/12\/28\/equipo\/#article\",\"isPartOf\":{\"@id\":\"https:\/\/www.iosoc.es\/index.php\/2019\/12\/28\/equipo\/#webpage\"},\"author\":{\"@id\":\"https:\/\/www.iosoc.es\/#\/schema\/person\/9fe5605dae7a82b74dd70d73f7de2279\"},\"headline\":\"Qui\\u00e9nes somos\",\"datePublished\":\"2019-12-28T21:39:10+00:00\",\"dateModified\":\"2020-08-19T13:13:25+00:00\",\"mainEntityOfPage\":{\"@id\":\"https:\/\/www.iosoc.es\/index.php\/2019\/12\/28\/equipo\/#webpage\"},\"publisher\":{\"@id\":\"https:\/\/www.iosoc.es\/#organization\"},\"image\":{\"@id\":\"https:\/\/www.iosoc.es\/index.php\/2019\/12\/28\/equipo\/#primaryimage\"},\"keywords\":\"ba\\u00f1o de gong,psicolog\\u00eda,terapia,yoga con beb\\u00e9s,yoga embarazadas,yoga en silla,yoga para empresas,yoga post-natal,yoga terap\\u00e9utico\",\"articleSection\":\"Quienes somos\",\"inLanguage\":\"es\"},{\"@type\":\"Person\",\"@id\":\"https:\/\/www.iosoc.es\/#\/schema\/person\/9fe5605dae7a82b74dd70d73f7de2279\",\"name\":\"Laura Pavon\",\"image\":{\"@type\":\"ImageObject\",\"@id\":\"https:\/\/www.iosoc.es\/#personlogo\",\"inLanguage\":\"es\",\"url\":\"https:\/\/secure.gravatar.com\/avatar\/717f08923d10833ca6e54c17a4fee661?s=96&d=mm&r=g\",\"caption\":\"Laura Pavon\"}}]}<\/script>\n<!-- \/ Yoast SEO plugin. -->","_links":{"self":[{"href":"https:\/\/www.iosoc.es\/index.php\/wp-json\/wp\/v2\/posts\/90"}],"collection":[{"href":"https:\/\/www.iosoc.es\/index.php\/wp-json\/wp\/v2\/posts"}],"about":[{"href":"https:\/\/www.iosoc.es\/index.php\/wp-json\/wp\/v2\/types\/post"}],"author":[{"embeddable":true,"href":"https:\/\/www.iosoc.es\/index.php\/wp-json\/wp\/v2\/users\/1"}],"replies":[{"embeddable":true,"href":"https:\/\/www.iosoc.es\/index.php\/wp-json\/wp\/v2\/comments?post=90"}],"version-history":[{"count":23,"href":"https:\/\/www.iosoc.es\/index.php\/wp-json\/wp\/v2\/posts\/90\/revisions"}],"predecessor-version":[{"id":613,"href":"https:\/\/www.iosoc.es\/index.php\/wp-json\/wp\/v2\/posts\/90\/revisions\/613"}],"wp:featuredmedia":[{"embeddable":true,"href":"https:\/\/www.iosoc.es\/index.php\/wp-json\/wp\/v2\/media\/354"}],"wp:attachment":[{"href":"https:\/\/www.iosoc.es\/index.php\/wp-json\/wp\/v2\/media?parent=90"}],"wp:term":[{"taxonomy":"category","embeddable":true,"href":"https:\/\/www.iosoc.es\/index.php\/wp-json\/wp\/v2\/categories?post=90"},{"taxonomy":"post_tag","embeddable":true,"href":"https:\/\/www.iosoc.es\/index.php\/wp-json\/wp\/v2\/tags?post=90"}],"curies":[{"name":"wp","href":"https:\/\/api.w.org\/{rel}","templated":true}]}}