{"id":630,"date":"2020-08-20T16:00:52","date_gmt":"2020-08-20T16:00:52","guid":{"rendered":"https:\/\/www.iosoc.es\/?p=630"},"modified":"2020-08-20T16:03:45","modified_gmt":"2020-08-20T16:03:45","slug":"horarios-agosto-2020","status":"publish","type":"post","link":"https:\/\/www.iosoc.es\/index.php\/2020\/08\/20\/horarios-agosto-2020\/","title":{"rendered":"Horarios agosto 2020"},"content":{"rendered":"\n<p>Estos son los horarios de agosto 2020 para las actividades grupales del centro de salud emocional IOS\u00d3C. <\/p>\n\n\n\n<p>Todas las clases se ofrecen simult\u00e1neamente <strong>online via Zoom<\/strong> y de forma <strong>presencial con cita previa<\/strong>. <\/p>\n\n\n\n<div class=\"wp-block-group\"><div class=\"wp-block-group__inner-container is-layout-flow wp-block-group-is-layout-flow\">\n<figure class=\"wp-block-gallery columns-3 is-cropped wp-block-gallery-1 is-layout-flex wp-block-gallery-is-layout-flex\"><ul class=\"blocks-gallery-grid\"><li class=\"blocks-gallery-item\"><figure><img loading=\"lazy\" decoding=\"async\" width=\"1024\" height=\"526\" src=\"https:\/\/www.iosoc.es\/wp-content\/uploads\/2019\/12\/cames-1024x526.jpg\" alt=\"\" data-id=\"110\" data-full-url=\"https:\/\/www.iosoc.es\/wp-content\/uploads\/2019\/12\/cames-e1577609398331.jpg\" data-link=\"https:\/\/www.iosoc.es\/index.php\/2019\/12\/29\/horarios-enero-2020\/cames\/\" class=\"wp-image-110\"\/><\/figure><\/li><li class=\"blocks-gallery-item\"><figure><img loading=\"lazy\" decoding=\"async\" width=\"1024\" height=\"683\" src=\"https:\/\/www.iosoc.es\/wp-content\/uploads\/2020\/08\/pexels-gustavo-fring-3984350-1024x683.jpg\" alt=\"\" data-id=\"625\" data-full-url=\"https:\/\/www.iosoc.es\/wp-content\/uploads\/2020\/08\/pexels-gustavo-fring-3984350-scaled-e1597936144815.jpg\" data-link=\"https:\/\/www.iosoc.es\/index.php\/2019\/12\/30\/yoga-para-embarazadas\/pexels-gustavo-fring-3984350\/\" class=\"wp-image-625\" srcset=\"https:\/\/www.iosoc.es\/wp-content\/uploads\/2020\/08\/pexels-gustavo-fring-3984350-1024x683.jpg 1024w, https:\/\/www.iosoc.es\/wp-content\/uploads\/2020\/08\/pexels-gustavo-fring-3984350-300x200.jpg 300w, https:\/\/www.iosoc.es\/wp-content\/uploads\/2020\/08\/pexels-gustavo-fring-3984350-768x512.jpg 768w, https:\/\/www.iosoc.es\/wp-content\/uploads\/2020\/08\/pexels-gustavo-fring-3984350-1536x1024.jpg 1536w, https:\/\/www.iosoc.es\/wp-content\/uploads\/2020\/08\/pexels-gustavo-fring-3984350-2048x1365.jpg 2048w\" sizes=\"(max-width: 1024px) 100vw, 1024px\" \/><\/figure><\/li><li class=\"blocks-gallery-item\"><figure><img loading=\"lazy\" decoding=\"async\" width=\"1024\" height=\"576\" src=\"https:\/\/www.iosoc.es\/wp-content\/uploads\/2020\/05\/desescalada-iosoc.jpg\" alt=\"clases de yoga iosoc online por zoom\" data-id=\"479\" data-full-url=\"https:\/\/www.iosoc.es\/wp-content\/uploads\/2020\/05\/desescalada-iosoc.jpg\" data-link=\"https:\/\/www.iosoc.es\/index.php\/2020\/05\/10\/desescalada-en-iosoc\/desescalada-iosoc\/\" class=\"wp-image-479\" srcset=\"https:\/\/www.iosoc.es\/wp-content\/uploads\/2020\/05\/desescalada-iosoc.jpg 1024w, https:\/\/www.iosoc.es\/wp-content\/uploads\/2020\/05\/desescalada-iosoc-300x169.jpg 300w, https:\/\/www.iosoc.es\/wp-content\/uploads\/2020\/05\/desescalada-iosoc-768x432.jpg 768w\" sizes=\"(max-width: 1024px) 100vw, 1024px\" \/><\/figure><\/li><\/ul><\/figure>\n<\/div><\/div>\n\n\n\n<h3 class=\"wp-block-heading\">Clases de yoga para adultos<\/h3>\n\n\n\n<p>Pr\u00e1ctica de <a href=\"https:\/\/www.iosoc.es\/index.php\/2019\/12\/29\/kundalini-yoga\/\">yoga y meditaci\u00f3n de 75 minutos<\/a>. Horarios:<\/p>\n\n\n\n<ul><li>Lunes: 17:00, 18:30 y 20:15<\/li><li>Jueves: 20:15<\/li><li>Viernes: 18:30<\/li><\/ul>\n\n\n\n<h3 class=\"wp-block-heading\">Clases de yoga para embarazadas<\/h3>\n\n\n\n<p>Practica en grupo ejercicios de <a href=\"https:\/\/www.iosoc.es\/index.php\/2019\/12\/30\/yoga-para-embarazadas\/\">yoga y meditaci\u00f3n indicadas para el embarazo<\/a>. Horarios<\/p>\n\n\n\n<ul><li>Martes: 15:50<\/li><li>Jueves 10:00<\/li><\/ul>\n\n\n\n<h3 class=\"wp-block-heading\">\u00bfC\u00f3mo asistir a clase?<\/h3>\n\n\n\n<p>Hay <strong>plazas limitadas <\/strong>en el centro para cumplir las indicaciones de la distancia de seguridad. Si deseas asistir de forma presencial, solo necesitas pedir cita previa por Whatsapp.<\/p>\n\n\n\n<p>Las clases se emiten en directo por videollamada para los alumnos que quieran <strong>participar online<\/strong>. Puedes asistir a clase c\u00f3modamente desde tu casa utilizando la aplicaci\u00f3n Zoom. M\u00e1s informaci\u00f3n sobre la descarga y el uso de la aplicaci\u00f3n Zoom <a href=\"https:\/\/zoom.us\/es-es\/meetings.html\">en este enlace.<\/a> <\/p>\n\n\n\n<p>Puedes reservar tu plaza presencial o inscribirte para la clase online por Whatsapp con el siguiente bot\u00f3n<\/p>\n\n\n\n<div class=\"wp-block-button aligncenter\"><a class=\"wp-block-button__link has-background\" href=\"https:\/\/api.whatsapp.com\/send?phone=34669871810&amp;text=Hola%20centro%20Ios%C3%B3c!%20Me%20gustar%C3%ADa%20m%C3%A1s%20informaci%C3%B3n%20sobre...\" style=\"background-color:#e07791\">Contacta<\/a><\/div>\n","protected":false},"excerpt":{"rendered":"<p>clases online y presenciales de yoga kundalini y yoga para embarazadas<\/p>\n","protected":false},"author":1,"featured_media":631,"comment_status":"closed","ping_status":"closed","sticky":false,"template":"","format":"standard","meta":{"footnotes":""},"categories":[12],"tags":[4,19,5,40],"yoast_head":"<!-- This site is optimized with the Yoast SEO plugin v15.2.1 - https:\/\/yoast.com\/wordpress\/plugins\/seo\/ -->\n<title>Horarios agosto 2020 &ndash; Centro de salud emocional IOSOC<\/title>\n<meta name=\"description\" content=\"Horarios de agosto 2020 IOS\u00d3C. Clases de yoga online y presencial, yoga para adultos y para embarazadas. Reserva por whatsapp\" \/>\n<meta name=\"robots\" content=\"index, follow, max-snippet:-1, max-image-preview:large, max-video-preview:-1\" \/>\n<link rel=\"canonical\" href=\"https:\/\/www.iosoc.es\/index.php\/2020\/08\/20\/horarios-agosto-2020\/\" \/>\n<meta property=\"og:locale\" content=\"es_ES\" \/>\n<meta property=\"og:type\" content=\"article\" \/>\n<meta property=\"og:title\" content=\"Horarios agosto 2020 &ndash; Centro de salud emocional IOSOC\" \/>\n<meta property=\"og:description\" content=\"Horarios de agosto 2020 IOS\u00d3C. Clases de yoga online y presencial, yoga para adultos y para embarazadas. Reserva por whatsapp\" \/>\n<meta property=\"og:url\" content=\"https:\/\/www.iosoc.es\/index.php\/2020\/08\/20\/horarios-agosto-2020\/\" \/>\n<meta property=\"og:site_name\" content=\"Centro de salud emocional IOSOC\" \/>\n<meta property=\"article:publisher\" content=\"https:\/\/www.facebook.com\/iogaiosoc\/\" \/>\n<meta property=\"article:published_time\" content=\"2020-08-20T16:00:52+00:00\" \/>\n<meta property=\"article:modified_time\" content=\"2020-08-20T16:03:45+00:00\" \/>\n<meta property=\"og:image\" content=\"https:\/\/www.iosoc.es\/wp-content\/uploads\/2020\/08\/WhatsApp-Image-2020-08-19-at-14.12.14.jpeg\" \/>\n\t<meta property=\"og:image:width\" content=\"1024\" \/>\n\t<meta property=\"og:image:height\" content=\"1024\" \/>\n<meta name=\"twitter:card\" content=\"summary_large_image\" \/>\n<meta name=\"twitter:label1\" content=\"Escrito por\">\n\t<meta name=\"twitter:data1\" content=\"Laura Pavon\">\n\t<meta name=\"twitter:label2\" content=\"Tiempo de lectura\">\n\t<meta name=\"twitter:data2\" content=\"1 minuto\">\n<script type=\"application\/ld+json\" class=\"yoast-schema-graph\">{\"@context\":\"https:\/\/schema.org\",\"@graph\":[{\"@type\":\"Organization\",\"@id\":\"https:\/\/www.iosoc.es\/#organization\",\"name\":\"Ios\\u00f3c\",\"url\":\"https:\/\/www.iosoc.es\/\",\"sameAs\":[\"https:\/\/www.facebook.com\/iogaiosoc\/\",\"https:\/\/www.instagram.com\/iogaiosoc\/\"],\"logo\":{\"@type\":\"ImageObject\",\"@id\":\"https:\/\/www.iosoc.es\/#logo\",\"inLanguage\":\"es\",\"url\":\"https:\/\/www.iosoc.es\/wp-content\/uploads\/2019\/12\/iosoc-transparent.png\",\"width\":709,\"height\":301,\"caption\":\"Ios\\u00f3c\"},\"image\":{\"@id\":\"https:\/\/www.iosoc.es\/#logo\"}},{\"@type\":\"WebSite\",\"@id\":\"https:\/\/www.iosoc.es\/#website\",\"url\":\"https:\/\/www.iosoc.es\/\",\"name\":\"IOS\\u00d3C: Psicolog\\u00eda y Kundalini Yoga\",\"description\":\"Psicolog&iacute;a, yoga y mindfullness en Tarragona\",\"publisher\":{\"@id\":\"https:\/\/www.iosoc.es\/#organization\"},\"potentialAction\":[{\"@type\":\"SearchAction\",\"target\":\"https:\/\/www.iosoc.es\/?s={search_term_string}\",\"query-input\":\"required name=search_term_string\"}],\"inLanguage\":\"es\"},{\"@type\":\"ImageObject\",\"@id\":\"https:\/\/www.iosoc.es\/index.php\/2020\/08\/20\/horarios-agosto-2020\/#primaryimage\",\"inLanguage\":\"es\",\"url\":\"https:\/\/www.iosoc.es\/wp-content\/uploads\/2020\/08\/WhatsApp-Image-2020-08-19-at-14.12.14.jpeg\",\"width\":1024,\"height\":1024},{\"@type\":\"WebPage\",\"@id\":\"https:\/\/www.iosoc.es\/index.php\/2020\/08\/20\/horarios-agosto-2020\/#webpage\",\"url\":\"https:\/\/www.iosoc.es\/index.php\/2020\/08\/20\/horarios-agosto-2020\/\",\"name\":\"Horarios agosto 2020 &ndash; Centro de salud emocional IOSOC\",\"isPartOf\":{\"@id\":\"https:\/\/www.iosoc.es\/#website\"},\"primaryImageOfPage\":{\"@id\":\"https:\/\/www.iosoc.es\/index.php\/2020\/08\/20\/horarios-agosto-2020\/#primaryimage\"},\"datePublished\":\"2020-08-20T16:00:52+00:00\",\"dateModified\":\"2020-08-20T16:03:45+00:00\",\"description\":\"Horarios de agosto 2020 IOS\\u00d3C. Clases de yoga online y presencial, yoga para adultos y para embarazadas. Reserva por whatsapp\",\"inLanguage\":\"es\",\"potentialAction\":[{\"@type\":\"ReadAction\",\"target\":[\"https:\/\/www.iosoc.es\/index.php\/2020\/08\/20\/horarios-agosto-2020\/\"]}]},{\"@type\":\"Article\",\"@id\":\"https:\/\/www.iosoc.es\/index.php\/2020\/08\/20\/horarios-agosto-2020\/#article\",\"isPartOf\":{\"@id\":\"https:\/\/www.iosoc.es\/index.php\/2020\/08\/20\/horarios-agosto-2020\/#webpage\"},\"author\":{\"@id\":\"https:\/\/www.iosoc.es\/#\/schema\/person\/9fe5605dae7a82b74dd70d73f7de2279\"},\"headline\":\"Horarios agosto 2020\",\"datePublished\":\"2020-08-20T16:00:52+00:00\",\"dateModified\":\"2020-08-20T16:03:45+00:00\",\"mainEntityOfPage\":{\"@id\":\"https:\/\/www.iosoc.es\/index.php\/2020\/08\/20\/horarios-agosto-2020\/#webpage\"},\"publisher\":{\"@id\":\"https:\/\/www.iosoc.es\/#organization\"},\"image\":{\"@id\":\"https:\/\/www.iosoc.es\/index.php\/2020\/08\/20\/horarios-agosto-2020\/#primaryimage\"},\"keywords\":\"kundalini yoga,yoga,yoga embarazadas,yoga online\",\"articleSection\":\"Horarios\",\"inLanguage\":\"es\"},{\"@type\":\"Person\",\"@id\":\"https:\/\/www.iosoc.es\/#\/schema\/person\/9fe5605dae7a82b74dd70d73f7de2279\",\"name\":\"Laura Pavon\",\"image\":{\"@type\":\"ImageObject\",\"@id\":\"https:\/\/www.iosoc.es\/#personlogo\",\"inLanguage\":\"es\",\"url\":\"https:\/\/secure.gravatar.com\/avatar\/717f08923d10833ca6e54c17a4fee661?s=96&d=mm&r=g\",\"caption\":\"Laura Pavon\"}}]}<\/script>\n<!-- \/ Yoast SEO plugin. -->","_links":{"self":[{"href":"https:\/\/www.iosoc.es\/index.php\/wp-json\/wp\/v2\/posts\/630"}],"collection":[{"href":"https:\/\/www.iosoc.es\/index.php\/wp-json\/wp\/v2\/posts"}],"about":[{"href":"https:\/\/www.iosoc.es\/index.php\/wp-json\/wp\/v2\/types\/post"}],"author":[{"embeddable":true,"href":"https:\/\/www.iosoc.es\/index.php\/wp-json\/wp\/v2\/users\/1"}],"replies":[{"embeddable":true,"href":"https:\/\/www.iosoc.es\/index.php\/wp-json\/wp\/v2\/comments?post=630"}],"version-history":[{"count":3,"href":"https:\/\/www.iosoc.es\/index.php\/wp-json\/wp\/v2\/posts\/630\/revisions"}],"predecessor-version":[{"id":634,"href":"https:\/\/www.iosoc.es\/index.php\/wp-json\/wp\/v2\/posts\/630\/revisions\/634"}],"wp:featuredmedia":[{"embeddable":true,"href":"https:\/\/www.iosoc.es\/index.php\/wp-json\/wp\/v2\/media\/631"}],"wp:attachment":[{"href":"https:\/\/www.iosoc.es\/index.php\/wp-json\/wp\/v2\/media?parent=630"}],"wp:term":[{"taxonomy":"category","embeddable":true,"href":"https:\/\/www.iosoc.es\/index.php\/wp-json\/wp\/v2\/categories?post=630"},{"taxonomy":"post_tag","embeddable":true,"href":"https:\/\/www.iosoc.es\/index.php\/wp-json\/wp\/v2\/tags?post=630"}],"curies":[{"name":"wp","href":"https:\/\/api.w.org\/{rel}","templated":true}]}}